{"id":4504,"date":"2023-03-23T09:06:04","date_gmt":"2023-03-23T08:06:04","guid":{"rendered":"https:\/\/www.vilaimport.com\/salone-mobile-milano-2023\/"},"modified":"2023-03-23T09:06:04","modified_gmt":"2023-03-23T08:06:04","slug":"salone-mobile-milano-2023","status":"publish","type":"post","link":"https:\/\/www.vilaimport.com\/ca\/salone-mobile-milano-2023\/","title":{"rendered":"SALONE MOBILE MILANO 2023"},"content":{"rendered":"<p>Es celebra un any m\u00e9s el Salone del Mobile de Mil\u00e0, en qu\u00e8 l&#8217;equip de Vila Import, S.L estar\u00e0 present per ajudar-los en all\u00f2 que necessitin.<\/p>\n<p>Referent al sector del moble, aquest sal\u00f3 tindr\u00e0 lloc del 18 al 23 d&#8217;abril a Mil\u00e0.<\/p>\n<p>Fira on podreu gaudir de noves propostes en decoraci\u00f3, mobiliari i il\u00b7luminaci\u00f3.<\/p>\n<p>No us perdeu aquest esdeveniment, ens veiem a Mil\u00e0!!<\/p>\n<p><a href=\"https:\/\/www.salonemilano.it\/en\"><img fetchpriority=\"high\" decoding=\"async\" class=\"\" src=\"https:\/\/www.salonemilano.it\/sites\/default\/files\/styles\/libero\/public\/images\/articles\/2022-08\/ingressi%2C%20corso%20italia%2C%20rho%20fiera%2C%20salone%20del%20mobile.jpg.webp?itok=mwM_ZLUy\" alt=\"Dates for the Salone del Mobile.Milano 2023 | Salone del Mobile\" width=\"595\" height=\"335\" \/><\/a><\/p>\n<p>&nbsp;<\/p>\n<p>&nbsp;<\/p>\n","protected":false},"excerpt":{"rendered":"<p>Es celebra un any m\u00e9s el Salone del Mobile de Mil\u00e0, en qu\u00e8 l&#8217;equip de Vila Import, S.L estar\u00e0 present per ajudar-los en all\u00f2 que necessitin. Referent al sector del moble, aquest sal\u00f3 tindr\u00e0 lloc del 18 al 23 d&#8217;abril a Mil\u00e0. Fira on podreu gaudir de noves propostes en decoraci\u00f3, mobiliari i il\u00b7luminaci\u00f3. No [&hellip;]<\/p>\n","protected":false},"author":3,"featured_media":4502,"comment_status":"open","ping_status":"open","sticky":false,"template":"","format":"standard","meta":{"_acf_changed":false,"footnotes":""},"categories":[2],"tags":[],"class_list":["post-4504","post","type-post","status-publish","format-standard","has-post-thumbnail","hentry","category-noticies"],"acf":[],"yoast_head":"<!-- This site is optimized with the Yoast SEO plugin v26.7 - https:\/\/yoast.com\/wordpress\/plugins\/seo\/ -->\n<title>SALONE MOBILE MILANO 2023 - Vila Import<\/title>\n<meta name=\"robots\" content=\"index, follow, max-snippet:-1, max-image-preview:large, max-video-preview:-1\" \/>\n<link rel=\"canonical\" href=\"https:\/\/www.vilaimport.com\/salone-mobile-milano-2023\/\" \/>\n<meta property=\"og:locale\" content=\"ca_ES\" \/>\n<meta property=\"og:type\" content=\"article\" \/>\n<meta property=\"og:title\" content=\"SALONE MOBILE MILANO 2023 - Vila Import\" \/>\n<meta property=\"og:description\" content=\"Es celebra un any m\u00e9s el Salone del Mobile de Mil\u00e0, en qu\u00e8 l&#8217;equip de Vila Import, S.L estar\u00e0 present per ajudar-los en all\u00f2 que necessitin. Referent al sector del moble, aquest sal\u00f3 tindr\u00e0 lloc del 18 al 23 d&#8217;abril a Mil\u00e0. Fira on podreu gaudir de noves propostes en decoraci\u00f3, mobiliari i il\u00b7luminaci\u00f3. No [&hellip;]\" \/>\n<meta property=\"og:url\" content=\"https:\/\/www.vilaimport.com\/salone-mobile-milano-2023\/\" \/>\n<meta property=\"og:site_name\" content=\"Vila Import\" \/>\n<meta property=\"article:published_time\" content=\"2023-03-23T08:06:04+00:00\" \/>\n<meta property=\"og:image\" content=\"https:\/\/www.salonemilano.it\/sites\/default\/files\/styles\/libero\/public\/images\/articles\/2022-08\/ingressi%2C%20corso%20italia%2C%20rho%20fiera%2C%20salone%20del%20mobile.jpg.webp?itok=mwM_ZLUy\" \/>\n<meta name=\"author\" content=\"ester\" \/>\n<meta name=\"twitter:card\" content=\"summary_large_image\" \/>\n<meta name=\"twitter:label1\" content=\"Escrit per\" \/>\n\t<meta name=\"twitter:data1\" content=\"ester\" \/>\n<script type=\"application\/ld+json\" class=\"yoast-schema-graph\">{\"@context\":\"https:\/\/schema.org\",\"@graph\":[{\"@type\":\"Article\",\"@id\":\"https:\/\/www.vilaimport.com\/salone-mobile-milano-2023\/#article\",\"isPartOf\":{\"@id\":\"https:\/\/www.vilaimport.com\/salone-mobile-milano-2023\/\"},\"author\":{\"name\":\"ester\",\"@id\":\"https:\/\/www.vilaimport.com\/#\/schema\/person\/00718bf624af5e80565c9d30e3f64c48\"},\"headline\":\"SALONE MOBILE MILANO 2023\",\"datePublished\":\"2023-03-23T08:06:04+00:00\",\"mainEntityOfPage\":{\"@id\":\"https:\/\/www.vilaimport.com\/salone-mobile-milano-2023\/\"},\"wordCount\":71,\"commentCount\":0,\"image\":{\"@id\":\"https:\/\/www.vilaimport.com\/salone-mobile-milano-2023\/#primaryimage\"},\"thumbnailUrl\":\"https:\/\/www.vilaimport.com\/wp-content\/uploads\/2023\/03\/SALONE-MOBILE-VILAIMPORT-1.jpg\",\"articleSection\":[\"Not\u00edcies\"],\"inLanguage\":\"ca\",\"potentialAction\":[{\"@type\":\"CommentAction\",\"name\":\"Comment\",\"target\":[\"https:\/\/www.vilaimport.com\/salone-mobile-milano-2023\/#respond\"]}]},{\"@type\":\"WebPage\",\"@id\":\"https:\/\/www.vilaimport.com\/salone-mobile-milano-2023\/\",\"url\":\"https:\/\/www.vilaimport.com\/salone-mobile-milano-2023\/\",\"name\":\"SALONE MOBILE MILANO 2023 - Vila Import\",\"isPartOf\":{\"@id\":\"https:\/\/www.vilaimport.com\/#website\"},\"primaryImageOfPage\":{\"@id\":\"https:\/\/www.vilaimport.com\/salone-mobile-milano-2023\/#primaryimage\"},\"image\":{\"@id\":\"https:\/\/www.vilaimport.com\/salone-mobile-milano-2023\/#primaryimage\"},\"thumbnailUrl\":\"https:\/\/www.vilaimport.com\/wp-content\/uploads\/2023\/03\/SALONE-MOBILE-VILAIMPORT-1.jpg\",\"datePublished\":\"2023-03-23T08:06:04+00:00\",\"author\":{\"@id\":\"https:\/\/www.vilaimport.com\/#\/schema\/person\/00718bf624af5e80565c9d30e3f64c48\"},\"breadcrumb\":{\"@id\":\"https:\/\/www.vilaimport.com\/salone-mobile-milano-2023\/#breadcrumb\"},\"inLanguage\":\"ca\",\"potentialAction\":[{\"@type\":\"ReadAction\",\"target\":[\"https:\/\/www.vilaimport.com\/salone-mobile-milano-2023\/\"]}]},{\"@type\":\"ImageObject\",\"inLanguage\":\"ca\",\"@id\":\"https:\/\/www.vilaimport.com\/salone-mobile-milano-2023\/#primaryimage\",\"url\":\"https:\/\/www.vilaimport.com\/wp-content\/uploads\/2023\/03\/SALONE-MOBILE-VILAIMPORT-1.jpg\",\"contentUrl\":\"https:\/\/www.vilaimport.com\/wp-content\/uploads\/2023\/03\/SALONE-MOBILE-VILAIMPORT-1.jpg\",\"width\":800,\"height\":500},{\"@type\":\"BreadcrumbList\",\"@id\":\"https:\/\/www.vilaimport.com\/salone-mobile-milano-2023\/#breadcrumb\",\"itemListElement\":[{\"@type\":\"ListItem\",\"position\":1,\"name\":\"Vila Import\",\"item\":\"https:\/\/www.vilaimport.com\/ca\/\"},{\"@type\":\"ListItem\",\"position\":2,\"name\":\"Not\u00edcies\",\"item\":\"https:\/\/www.vilaimport.com\/ca\/noticies\/\"},{\"@type\":\"ListItem\",\"position\":3,\"name\":\"SALONE MOBILE MILANO 2023\"}]},{\"@type\":\"WebSite\",\"@id\":\"https:\/\/www.vilaimport.com\/#website\",\"url\":\"https:\/\/www.vilaimport.com\/\",\"name\":\"Vila Import\",\"description\":\"\",\"potentialAction\":[{\"@type\":\"SearchAction\",\"target\":{\"@type\":\"EntryPoint\",\"urlTemplate\":\"https:\/\/www.vilaimport.com\/?s={search_term_string}\"},\"query-input\":{\"@type\":\"PropertyValueSpecification\",\"valueRequired\":true,\"valueName\":\"search_term_string\"}}],\"inLanguage\":\"ca\"},{\"@type\":\"Person\",\"@id\":\"https:\/\/www.vilaimport.com\/#\/schema\/person\/00718bf624af5e80565c9d30e3f64c48\",\"name\":\"ester\",\"image\":{\"@type\":\"ImageObject\",\"inLanguage\":\"ca\",\"@id\":\"https:\/\/www.vilaimport.com\/#\/schema\/person\/image\/\",\"url\":\"https:\/\/secure.gravatar.com\/avatar\/918758df06df6503b9fd67655bf4d007b23b2c24cd78eb38c3f8b7f9308a1cf8?s=96&d=mm&r=g\",\"contentUrl\":\"https:\/\/secure.gravatar.com\/avatar\/918758df06df6503b9fd67655bf4d007b23b2c24cd78eb38c3f8b7f9308a1cf8?s=96&d=mm&r=g\",\"caption\":\"ester\"},\"url\":\"https:\/\/www.vilaimport.com\/ca\/author\/ester\/\"}]}<\/script>\n<!-- \/ Yoast SEO plugin. -->","yoast_head_json":{"title":"SALONE MOBILE MILANO 2023 - Vila Import","robots":{"index":"index","follow":"follow","max-snippet":"max-snippet:-1","max-image-preview":"max-image-preview:large","max-video-preview":"max-video-preview:-1"},"canonical":"https:\/\/www.vilaimport.com\/salone-mobile-milano-2023\/","og_locale":"ca_ES","og_type":"article","og_title":"SALONE MOBILE MILANO 2023 - Vila Import","og_description":"Es celebra un any m\u00e9s el Salone del Mobile de Mil\u00e0, en qu\u00e8 l&#8217;equip de Vila Import, S.L estar\u00e0 present per ajudar-los en all\u00f2 que necessitin. Referent al sector del moble, aquest sal\u00f3 tindr\u00e0 lloc del 18 al 23 d&#8217;abril a Mil\u00e0. Fira on podreu gaudir de noves propostes en decoraci\u00f3, mobiliari i il\u00b7luminaci\u00f3. No [&hellip;]","og_url":"https:\/\/www.vilaimport.com\/salone-mobile-milano-2023\/","og_site_name":"Vila Import","article_published_time":"2023-03-23T08:06:04+00:00","og_image":[{"url":"https:\/\/www.salonemilano.it\/sites\/default\/files\/styles\/libero\/public\/images\/articles\/2022-08\/ingressi%2C%20corso%20italia%2C%20rho%20fiera%2C%20salone%20del%20mobile.jpg.webp?itok=mwM_ZLUy","type":"","width":"","height":""}],"author":"ester","twitter_card":"summary_large_image","twitter_misc":{"Escrit per":"ester"},"schema":{"@context":"https:\/\/schema.org","@graph":[{"@type":"Article","@id":"https:\/\/www.vilaimport.com\/salone-mobile-milano-2023\/#article","isPartOf":{"@id":"https:\/\/www.vilaimport.com\/salone-mobile-milano-2023\/"},"author":{"name":"ester","@id":"https:\/\/www.vilaimport.com\/#\/schema\/person\/00718bf624af5e80565c9d30e3f64c48"},"headline":"SALONE MOBILE MILANO 2023","datePublished":"2023-03-23T08:06:04+00:00","mainEntityOfPage":{"@id":"https:\/\/www.vilaimport.com\/salone-mobile-milano-2023\/"},"wordCount":71,"commentCount":0,"image":{"@id":"https:\/\/www.vilaimport.com\/salone-mobile-milano-2023\/#primaryimage"},"thumbnailUrl":"https:\/\/www.vilaimport.com\/wp-content\/uploads\/2023\/03\/SALONE-MOBILE-VILAIMPORT-1.jpg","articleSection":["Not\u00edcies"],"inLanguage":"ca","potentialAction":[{"@type":"CommentAction","name":"Comment","target":["https:\/\/www.vilaimport.com\/salone-mobile-milano-2023\/#respond"]}]},{"@type":"WebPage","@id":"https:\/\/www.vilaimport.com\/salone-mobile-milano-2023\/","url":"https:\/\/www.vilaimport.com\/salone-mobile-milano-2023\/","name":"SALONE MOBILE MILANO 2023 - Vila Import","isPartOf":{"@id":"https:\/\/www.vilaimport.com\/#website"},"primaryImageOfPage":{"@id":"https:\/\/www.vilaimport.com\/salone-mobile-milano-2023\/#primaryimage"},"image":{"@id":"https:\/\/www.vilaimport.com\/salone-mobile-milano-2023\/#primaryimage"},"thumbnailUrl":"https:\/\/www.vilaimport.com\/wp-content\/uploads\/2023\/03\/SALONE-MOBILE-VILAIMPORT-1.jpg","datePublished":"2023-03-23T08:06:04+00:00","author":{"@id":"https:\/\/www.vilaimport.com\/#\/schema\/person\/00718bf624af5e80565c9d30e3f64c48"},"breadcrumb":{"@id":"https:\/\/www.vilaimport.com\/salone-mobile-milano-2023\/#breadcrumb"},"inLanguage":"ca","potentialAction":[{"@type":"ReadAction","target":["https:\/\/www.vilaimport.com\/salone-mobile-milano-2023\/"]}]},{"@type":"ImageObject","inLanguage":"ca","@id":"https:\/\/www.vilaimport.com\/salone-mobile-milano-2023\/#primaryimage","url":"https:\/\/www.vilaimport.com\/wp-content\/uploads\/2023\/03\/SALONE-MOBILE-VILAIMPORT-1.jpg","contentUrl":"https:\/\/www.vilaimport.com\/wp-content\/uploads\/2023\/03\/SALONE-MOBILE-VILAIMPORT-1.jpg","width":800,"height":500},{"@type":"BreadcrumbList","@id":"https:\/\/www.vilaimport.com\/salone-mobile-milano-2023\/#breadcrumb","itemListElement":[{"@type":"ListItem","position":1,"name":"Vila Import","item":"https:\/\/www.vilaimport.com\/ca\/"},{"@type":"ListItem","position":2,"name":"Not\u00edcies","item":"https:\/\/www.vilaimport.com\/ca\/noticies\/"},{"@type":"ListItem","position":3,"name":"SALONE MOBILE MILANO 2023"}]},{"@type":"WebSite","@id":"https:\/\/www.vilaimport.com\/#website","url":"https:\/\/www.vilaimport.com\/","name":"Vila Import","description":"","potentialAction":[{"@type":"SearchAction","target":{"@type":"EntryPoint","urlTemplate":"https:\/\/www.vilaimport.com\/?s={search_term_string}"},"query-input":{"@type":"PropertyValueSpecification","valueRequired":true,"valueName":"search_term_string"}}],"inLanguage":"ca"},{"@type":"Person","@id":"https:\/\/www.vilaimport.com\/#\/schema\/person\/00718bf624af5e80565c9d30e3f64c48","name":"ester","image":{"@type":"ImageObject","inLanguage":"ca","@id":"https:\/\/www.vilaimport.com\/#\/schema\/person\/image\/","url":"https:\/\/secure.gravatar.com\/avatar\/918758df06df6503b9fd67655bf4d007b23b2c24cd78eb38c3f8b7f9308a1cf8?s=96&d=mm&r=g","contentUrl":"https:\/\/secure.gravatar.com\/avatar\/918758df06df6503b9fd67655bf4d007b23b2c24cd78eb38c3f8b7f9308a1cf8?s=96&d=mm&r=g","caption":"ester"},"url":"https:\/\/www.vilaimport.com\/ca\/author\/ester\/"}]}},"_links":{"self":[{"href":"https:\/\/www.vilaimport.com\/ca\/wp-json\/wp\/v2\/posts\/4504","targetHints":{"allow":["GET"]}}],"collection":[{"href":"https:\/\/www.vilaimport.com\/ca\/wp-json\/wp\/v2\/posts"}],"about":[{"href":"https:\/\/www.vilaimport.com\/ca\/wp-json\/wp\/v2\/types\/post"}],"author":[{"embeddable":true,"href":"https:\/\/www.vilaimport.com\/ca\/wp-json\/wp\/v2\/users\/3"}],"replies":[{"embeddable":true,"href":"https:\/\/www.vilaimport.com\/ca\/wp-json\/wp\/v2\/comments?post=4504"}],"version-history":[{"count":0,"href":"https:\/\/www.vilaimport.com\/ca\/wp-json\/wp\/v2\/posts\/4504\/revisions"}],"wp:featuredmedia":[{"embeddable":true,"href":"https:\/\/www.vilaimport.com\/ca\/wp-json\/wp\/v2\/media\/4502"}],"wp:attachment":[{"href":"https:\/\/www.vilaimport.com\/ca\/wp-json\/wp\/v2\/media?parent=4504"}],"wp:term":[{"taxonomy":"category","embeddable":true,"href":"https:\/\/www.vilaimport.com\/ca\/wp-json\/wp\/v2\/categories?post=4504"},{"taxonomy":"post_tag","embeddable":true,"href":"https:\/\/www.vilaimport.com\/ca\/wp-json\/wp\/v2\/tags?post=4504"}],"curies":[{"name":"wp","href":"https:\/\/api.w.org\/{rel}","templated":true}]}}